{"id":1676,"date":"2025-10-21T08:45:08","date_gmt":"2025-10-21T07:45:08","guid":{"rendered":"https:\/\/ebersgoens.info\/?p=1676"},"modified":"2025-11-24T08:19:26","modified_gmt":"2025-11-24T07:19:26","slug":"wir-haben-eine-mitfahrbank","status":"publish","type":"post","link":"https:\/\/ebersgoens.info\/?p=1676","title":{"rendered":"Update -Wir haben eine Mitfahrbank-Fragen &amp; Antworten"},"content":{"rendered":"\n<p>Mitfahrbank neben Leiterh\u00e4uschen in Ebersg\u00f6ns<\/p>\n\n\n\n<p><strong>Selbst bei einem sehr kleinen Projekt wie einer Mitfahrbank kommen doch tats\u00e4chlich viele Fragen auf, die wir Euch gerne beantworte<\/strong>n:  <\/p>\n\n\n\n<p><strong>Warum braucht es eine Mitfahrbank ? Wir haben doch schon das Leiterh\u00e4uschen !<\/strong>                                                                                                                                                             Am Leiterh\u00e4uschen durften wir auf Grund des Denkmalschutzes keine baulichen Ma\u00dfnahmen sprich Schilder, Hinweise etc. montieren bzw. vornehmen.<\/p>\n\n\n\n<p><strong>Warum steht die Bank nicht am Ortsausgang ?                                                                                                                                                                                                     <\/strong> Wir haben uns entschieden die Bank im Bereich der Haltestelle aufzustellen, weil dies der zentrale Treffpunkt zur Abfahrt von Bussen oder auch anderen Ausfl\u00fcgen ist. Des Weiteren haben dann die Leute die M\u00f6glichkeit auch weiterhin mit dem Bus zu fahren, falls sie nicht spontan von jemandem mitgenommen werden. Wir gehen weiter auch davon aus das niemand bis zum Ortsausgang l\u00e4uft um sich auf diese dann sehr abgelegene Bank zu setzen. Auch besteht eine gewisse Unfallgefahr wenn Fahrzeuge in diesem Bereich anhalten, zumal hier auch keine 30er Zone mehr ausgewiesen ist. Und dar\u00fcber hinaus stellt die Bank an dieser Stelle auch ein willkommenes Ziel f\u00fcr Vandalismussch\u00e4den da.<\/p>\n\n\n\n<p><strong>Alle die aus der Siedlung bzw. dem Neubaugebiet kommen sehen nicht ob jemand mitgenommen werden m\u00f6chte !<\/strong> Das wir eine Mitfahrbank haben wird sicherlich bekannt werden, sei es \u00fcber die sozialen Medien, die Zeitung oder auch ganz analog beim Spaziergang durchs Dorf etc.. Wenn jemand in Erw\u00e4gung zieht zu schauen ob die Bank gerade besetzt ist, bietet sich ein kleiner Schlenker \u00fcber die Turnhalle an. Dies stellt keinerlei zeitlichen Mehraufwand da.<\/p>\n\n\n\n<p><strong>Die Bank steht zu nah an der Haltestelle und k\u00f6nnte ankommende Busse behindern, wenn PKW\u00b4s dort halten  ! <\/strong>                                                                                                               In der Stadt bei einer h\u00e4ufigen Frequentierung der Haltestelle ist dies sicherlich der Fall, nicht so bei uns. So ist es aus verkehrsrechtlicher Sicht absolut vertretbar die Bank dort zu platzieren.<\/p>\n\n\n\n<p><strong>Die Bank blockiert den Parkplatz dahinter !<\/strong>                                                                                                                                                                                                                                Seit geraumer Zeit ist der Bereich hinter der Haltestelle nicht mehr als \u00f6ffentlicher Parkplatz ausgewiesen.<\/p>\n\n\n\n<p><strong>Aktuelles ! <\/strong>                                                                                                                                                                                                                                                                                    Demn\u00e4chst bekommt unsere Bank auch ein Dach welches schon in Arbeit ist.<strong>                                                                                                                                                                            Wenn Ihr weitere Fragen oder Anregungen habt, so lasst uns dies wissen. Wir beantworten diese gerne und stellen sie auf die Homepage. Euer \u00b4 Team Mitfahrbank ` <\/strong><\/p>\n\n\n\n<p>Ebersg\u00f6ns (pa). Am vergangenen Samstag ( 18.10.2025 ) wurde in Ebersg\u00f6ns neben dem Leiterh\u00e4uschen, der Bushaltestelle in Ebersg\u00f6ns, eine Mitfahrbank aufgestellt. Die Idee hatten Matthias Balk und der Ortsbeiratsvorsitzende Stefan H\u00f6chst. \u201eIn Anbetracht der &nbsp;suboptimalen Anbindung von Ebersg\u00f6ns an das \u00f6ffentliche Verkehrsnetz vielleicht eine nicht allzu schlechte Erg\u00e4nzung des Nahverkehrs\u201c, so Matthias Balk.<\/p>\n\n\n\n<p>Die Funktionsweise ist denkbar einfach: Wer auf der Bank sitzt signalisiert, dass er eine Mitfahrgelegenheit sucht. Wer vorbeikommt, kann anhalten und den wartenden Mitfahrer einsteigen lassen.&nbsp;Da viele Ebersg\u00f6nser bereits sowieso mit dem Auto unterwegs sind, besteht die Chance, andere mit dem gleichen Ziel mitzunehmen. Die Mitfahrbank erg\u00e4nzt daher den bestehenden&nbsp;\u00d6ffentlichen Nahverkehr&nbsp;sinnvoll, ohne Buskunden zu benachteiligen \u2013 wer keinen Mitfahrer findet, kann weiterhin den Bus nutzen, der direkt an der Bushaltestelle nebenan h\u00e4lt.<\/p>\n\n\n\n<p>Stefan H\u00f6chst hat die Idee im Zuge seiner T\u00e4tigkeit als Ortsbeiratsvorsitzender \u00fcber das Dorferneuerungsprogramm der Stadt Butzbach angesto\u00dfen und damit auch die Finanzierung gesichert. Die Bank wurde von J\u00fcrgen Kuras von der Senioren Werkstatt in Langg\u00f6ns angefertigt.<\/p>\n\n\n\n<p>Es hat sich auch bereits ein kleines Team zusammengefunden, welches ab und an die Bank inspiziert und im Blick beh\u00e4lt sowie&nbsp;abwechselnd die Wartung \u00fcbernimmt.&nbsp;Dazu haben sich die Paten Annette Pfeiffer, Annette Winkler, Thomas Luther-Mosebach und Kunibert Pauly bereiterkl\u00e4rt, die sich&nbsp;um passende Reparaturen, Streichen und lose Schrauben k\u00fcmmern.<\/p>\n\n\n\n<p>Am vergangenen Samstag wurde die Bank von Stefan H\u00f6chst und Matthias Balk an ihren Standort geliefert und aufgestellt. Weiterhin ist noch das Anbringen von Hinweisschildern zum Anzeigen des Fahrtwunsches in Planung.<\/p>\n\n\n\n<p>Unsere Fotos zeigen das Aufstellen der Mitfahrbank sowie (v.l.n.r) Kunibert Pauly,&nbsp;Matthias Balk,&nbsp;Annette Pfeiffer und den&nbsp;Ortsbeiratsvorsitzenden Stefan H\u00f6chst bei einer ersten Sitzprobe.<\/p>\n\n\n\n<figure class=\"wp-block-image size-large\"><img loading=\"lazy\" decoding=\"async\" width=\"1024\" height=\"683\" src=\"https:\/\/ebersgoens.info\/wp-content\/uploads\/2025\/10\/pa-Ebersgoens-Mitfahrbank-01-18.10.25-1024x683.jpg\" alt=\"\" class=\"wp-image-1682\" srcset=\"https:\/\/ebersgoens.info\/wp-content\/uploads\/2025\/10\/pa-Ebersgoens-Mitfahrbank-01-18.10.25-1024x683.jpg 1024w, https:\/\/ebersgoens.info\/wp-content\/uploads\/2025\/10\/pa-Ebersgoens-Mitfahrbank-01-18.10.25-300x200.jpg 300w, https:\/\/ebersgoens.info\/wp-content\/uploads\/2025\/10\/pa-Ebersgoens-Mitfahrbank-01-18.10.25-768x512.jpg 768w, https:\/\/ebersgoens.info\/wp-content\/uploads\/2025\/10\/pa-Ebersgoens-Mitfahrbank-01-18.10.25-1536x1024.jpg 1536w, https:\/\/ebersgoens.info\/wp-content\/uploads\/2025\/10\/pa-Ebersgoens-Mitfahrbank-01-18.10.25-2048x1365.jpg 2048w\" sizes=\"auto, (max-width: 1024px) 100vw, 1024px\" \/><figcaption class=\"wp-element-caption\">Unser Foto zeigt das Aufstellen der Mitfahrbank in Ebersg\u00f6ns<\/figcaption><\/figure>\n\n\n\n<figure class=\"wp-block-image size-large\"><img loading=\"lazy\" decoding=\"async\" width=\"1024\" height=\"683\" src=\"https:\/\/ebersgoens.info\/wp-content\/uploads\/2025\/10\/pa-Ebersgoens-Mitfahrbank-02-18.10.25-1024x683.jpg\" alt=\"\" class=\"wp-image-1683\" srcset=\"https:\/\/ebersgoens.info\/wp-content\/uploads\/2025\/10\/pa-Ebersgoens-Mitfahrbank-02-18.10.25-1024x683.jpg 1024w, https:\/\/ebersgoens.info\/wp-content\/uploads\/2025\/10\/pa-Ebersgoens-Mitfahrbank-02-18.10.25-300x200.jpg 300w, https:\/\/ebersgoens.info\/wp-content\/uploads\/2025\/10\/pa-Ebersgoens-Mitfahrbank-02-18.10.25-768x512.jpg 768w, https:\/\/ebersgoens.info\/wp-content\/uploads\/2025\/10\/pa-Ebersgoens-Mitfahrbank-02-18.10.25-1536x1024.jpg 1536w, https:\/\/ebersgoens.info\/wp-content\/uploads\/2025\/10\/pa-Ebersgoens-Mitfahrbank-02-18.10.25-2048x1365.jpg 2048w\" sizes=\"auto, (max-width: 1024px) 100vw, 1024px\" \/><figcaption class=\"wp-element-caption\">Unser Foto zeigt die Mitfahrbank in Ebersg\u00f6ns mit (v.l.n.r) Kunibert Pauly, Matthias Balk, Annette Pfeiffer und den Ortsbeiratsvorsitzenden Stefan H\u00f6chst bei einer ersten Sitzprobe.<\/figcaption><\/figure>\n\n\n\n<p>Text &amp; Fotos <em><strong>Wolfgang Pachner<\/strong><\/em><\/p>\n\n\n\n<figure class=\"wp-block-image size-large\"><img loading=\"lazy\" decoding=\"async\" width=\"1024\" height=\"903\" src=\"https:\/\/ebersgoens.info\/wp-content\/uploads\/2025\/10\/Screenshot_20251020-144840-1-1024x903.png\" alt=\"\" class=\"wp-image-1684\" srcset=\"https:\/\/ebersgoens.info\/wp-content\/uploads\/2025\/10\/Screenshot_20251020-144840-1-1024x903.png 1024w, https:\/\/ebersgoens.info\/wp-content\/uploads\/2025\/10\/Screenshot_20251020-144840-1-300x264.png 300w, https:\/\/ebersgoens.info\/wp-content\/uploads\/2025\/10\/Screenshot_20251020-144840-1-768x677.png 768w, https:\/\/ebersgoens.info\/wp-content\/uploads\/2025\/10\/Screenshot_20251020-144840-1.png 1080w\" sizes=\"auto, (max-width: 1024px) 100vw, 1024px\" \/><\/figure>\n\n\n\n\n\n<p>Text Instagram: <strong><em>Christine-Schmidt Althenn<\/em><\/strong><\/p>\n","protected":false},"excerpt":{"rendered":"<p>Mitfahrbank neben Leiterh\u00e4uschen in Ebersg\u00f6ns Selbst bei einem sehr kleinen Projekt wie einer Mitfahrbank kommen doch tats\u00e4chlich viele Fragen auf,<\/p>\n","protected":false},"author":287,"featured_media":1679,"comment_status":"open","ping_status":"open","sticky":false,"template":"","format":"standard","meta":{"colormag_page_container_layout":"default_layout","colormag_page_sidebar_layout":"default_layout","footnotes":""},"categories":[13,1],"tags":[],"class_list":["post-1676","post","type-post","status-publish","format-standard","has-post-thumbnail","hentry","category-initiativen","category-ortsbeirat"],"_links":{"self":[{"href":"https:\/\/ebersgoens.info\/index.php?rest_route=\/wp\/v2\/posts\/1676","targetHints":{"allow":["GET"]}}],"collection":[{"href":"https:\/\/ebersgoens.info\/index.php?rest_route=\/wp\/v2\/posts"}],"about":[{"href":"https:\/\/ebersgoens.info\/index.php?rest_route=\/wp\/v2\/types\/post"}],"author":[{"embeddable":true,"href":"https:\/\/ebersgoens.info\/index.php?rest_route=\/wp\/v2\/users\/287"}],"replies":[{"embeddable":true,"href":"https:\/\/ebersgoens.info\/index.php?rest_route=%2Fwp%2Fv2%2Fcomments&post=1676"}],"version-history":[{"count":7,"href":"https:\/\/ebersgoens.info\/index.php?rest_route=\/wp\/v2\/posts\/1676\/revisions"}],"predecessor-version":[{"id":1835,"href":"https:\/\/ebersgoens.info\/index.php?rest_route=\/wp\/v2\/posts\/1676\/revisions\/1835"}],"wp:featuredmedia":[{"embeddable":true,"href":"https:\/\/ebersgoens.info\/index.php?rest_route=\/wp\/v2\/media\/1679"}],"wp:attachment":[{"href":"https:\/\/ebersgoens.info\/index.php?rest_route=%2Fwp%2Fv2%2Fmedia&parent=1676"}],"wp:term":[{"taxonomy":"category","embeddable":true,"href":"https:\/\/ebersgoens.info\/index.php?rest_route=%2Fwp%2Fv2%2Fcategories&post=1676"},{"taxonomy":"post_tag","embeddable":true,"href":"https:\/\/ebersgoens.info\/index.php?rest_route=%2Fwp%2Fv2%2Ftags&post=1676"}],"curies":[{"name":"wp","href":"https:\/\/api.w.org\/{rel}","templated":true}]}}