{"id":647,"date":"2024-02-16T18:42:27","date_gmt":"2024-02-16T17:42:27","guid":{"rendered":"https:\/\/ebersgoens.info\/?p=647"},"modified":"2024-02-16T18:43:43","modified_gmt":"2024-02-16T17:43:43","slug":"jhv-schuetzenverein-am-09-03-19-uhr","status":"publish","type":"post","link":"https:\/\/ebersgoens.info\/?p=647","title":{"rendered":"JHV Sch\u00fctzenverein am 09.03.2024"},"content":{"rendered":"\n<p>Liebe Sch\u00fctzenschwestern und -br\u00fcder,<\/p>\n\n\n\n<p>ich darf euch hiermit ganz herzlich&nbsp;frist- und formgerecht zu unserer Jahreshauptversammlung am<\/p>\n\n\n\n<p><strong>09. M\u00e4rz 2024 um 19:00 Uhr<\/strong><\/p>\n\n\n\n<p>in das Sch\u00fctzenhaus Ebersg\u00f6ns einladen.<\/p>\n\n\n\n<p>Der Vorstand w\u00fcrde sich freuen, euch zahlreich begr\u00fc\u00dfen zu d\u00fcrfen. Traditionell werden wir nach der<\/p>\n\n\n\n<p>Begr\u00fc\u00dfung zusammen essen und die Sitzung im Anschluss fortsetzen.<\/p>\n\n\n\n<p>Mit freundlichen Gr\u00fc\u00dfen,<\/p>\n\n\n\n<p>Ralf&nbsp;Winter<br>\u2013 1. Vorsitzender \u2013<\/p>\n\n\n\n<p> <\/p>\n\n\n\n<div class=\"wp-block-file\"><a id=\"wp-block-file--media-f77f8219-903a-4d93-a95b-5ddb6c19f8fc\" href=\"https:\/\/ebersgoens.info\/wp-content\/uploads\/2024\/02\/JHV-SV-2024.pdf\">Einladung mit Tagesordnung: JHV-SV-2024.pdf<\/a><a href=\"https:\/\/ebersgoens.info\/wp-content\/uploads\/2024\/02\/JHV-SV-2024.pdf\" class=\"wp-block-file__button wp-element-button\" download aria-describedby=\"wp-block-file--media-f77f8219-903a-4d93-a95b-5ddb6c19f8fc\">Herunterladen<\/a><\/div>\n","protected":false},"excerpt":{"rendered":"<p>Liebe Sch\u00fctzenschwestern und -br\u00fcder, ich darf euch hiermit ganz herzlich&nbsp;frist- und formgerecht zu unserer Jahreshauptversammlung am 09. M\u00e4rz 2024 um<\/p>\n","protected":false},"author":174,"featured_media":177,"comment_status":"open","ping_status":"open","sticky":false,"template":"","format":"standard","meta":{"colormag_page_container_layout":"default_layout","colormag_page_sidebar_layout":"default_layout","footnotes":""},"categories":[4],"tags":[41],"class_list":["post-647","post","type-post","status-publish","format-standard","has-post-thumbnail","hentry","category-veranstaltungen","tag-schuetzenverein"],"_links":{"self":[{"href":"https:\/\/ebersgoens.info\/index.php?rest_route=\/wp\/v2\/posts\/647","targetHints":{"allow":["GET"]}}],"collection":[{"href":"https:\/\/ebersgoens.info\/index.php?rest_route=\/wp\/v2\/posts"}],"about":[{"href":"https:\/\/ebersgoens.info\/index.php?rest_route=\/wp\/v2\/types\/post"}],"author":[{"embeddable":true,"href":"https:\/\/ebersgoens.info\/index.php?rest_route=\/wp\/v2\/users\/174"}],"replies":[{"embeddable":true,"href":"https:\/\/ebersgoens.info\/index.php?rest_route=%2Fwp%2Fv2%2Fcomments&post=647"}],"version-history":[{"count":2,"href":"https:\/\/ebersgoens.info\/index.php?rest_route=\/wp\/v2\/posts\/647\/revisions"}],"predecessor-version":[{"id":652,"href":"https:\/\/ebersgoens.info\/index.php?rest_route=\/wp\/v2\/posts\/647\/revisions\/652"}],"wp:featuredmedia":[{"embeddable":true,"href":"https:\/\/ebersgoens.info\/index.php?rest_route=\/wp\/v2\/media\/177"}],"wp:attachment":[{"href":"https:\/\/ebersgoens.info\/index.php?rest_route=%2Fwp%2Fv2%2Fmedia&parent=647"}],"wp:term":[{"taxonomy":"category","embeddable":true,"href":"https:\/\/ebersgoens.info\/index.php?rest_route=%2Fwp%2Fv2%2Fcategories&post=647"},{"taxonomy":"post_tag","embeddable":true,"href":"https:\/\/ebersgoens.info\/index.php?rest_route=%2Fwp%2Fv2%2Ftags&post=647"}],"curies":[{"name":"wp","href":"https:\/\/api.w.org\/{rel}","templated":true}]}}