{"id":989,"date":"2024-10-15T07:12:37","date_gmt":"2024-10-15T06:12:37","guid":{"rendered":"https:\/\/ebersgoens.info\/?p=989"},"modified":"2024-10-15T07:12:38","modified_gmt":"2024-10-15T06:12:38","slug":"erntedank-tafel","status":"publish","type":"post","link":"https:\/\/ebersgoens.info\/?p=989","title":{"rendered":"Erntedank &amp; Tafel"},"content":{"rendered":"\n<p>Am 06.10.2024 wurde in der Ebersg\u00f6nser Kirche ein gutbesuchter Erntedank Gottesdienst mit Pfarrer Benjamin Sch\u00fctz gefeiert. Der Fokus der Predigt lag auf der Wertsch\u00e4tzung unserer Lebensmittel, und dass unser \u00b4t\u00e4glich Brot ` ein Geschenk Gottes an uns Menschen ist. Wir haben den Auftrag die Natur und all die sch\u00f6nen&nbsp; Werke Gottes zu pflegen, zu sch\u00fctzen und dem zu Folge nat\u00fcrlich auch zu erhalten. Sich Pflanzen und Tiere Untertan zu machen bedeutet eben nicht die Natur rigoros bis zur Belastungsgrenze und weit dar\u00fcber hinaus auszubeuten sondern im Einklang mit eben dieser Sch\u00f6pfung zu leben.<\/p>\n\n\n\n<p>Alles was von Gott kommt sei gut hie\u00df es in der Predigt. Gerade im Anbetracht des fortschreitenden Klimawandels kommt unserer Nahrung und deren Stellenwert dadurch auch eine ganz neue und intensivere aber eigentlich doch selbstverst\u00e4ndliche Bedeutung zu.<\/p>\n\n\n\n<p>Es ist eben kein Selbstl\u00e4ufer jeden Tag satt zu werden, und dar\u00fcber hinaus auch noch mit vielen exotischen Fr\u00fcchten und Spezialit\u00e4ten versorgt werden zu k\u00f6nnen. Die Ernte und Produktion unserer Lebensmittel durch die Landwirtschaft ist zunehmend unkalkulierbaren Risiken sowie witterungsbedingten Unsicherheiten ausgesetzt. Auch die angemessene Entlohnung, Unterst\u00fctzung und Wertsch\u00e4tzung all dieser Menschen, welche weltweit unsere Nahrung produzieren kann gar nicht hoch genug gew\u00fcrdigt werden.<\/p>\n\n\n\n<p>Dies sollten wir uns immer wieder bewusst machen und immer wieder dankbar sein, denn\u2026 \u00b4Alle gute Gaben, alles was wir haben kommt oh Gott von Dir, wir danken Dir daf\u00fcr, Amen `<\/p>\n\n\n\n<p>Im Vorfeld des Erntedank Festes hatten einige Kinder des Kindergartens Ebersg\u00f6ns zusammen mit ihren Eltern und Kindergarten Leiterin Petra Schindel und den Altar bunt und reichhaltig geschm\u00fcckt und dekoriert.<\/p>\n\n\n\n<p>Des Weiteren wurden parallel im Gemeindehaus Siloah f\u00fcr die Tafel Butzbach viele gute Nahrungsmittel f\u00fcr bed\u00fcrftige Menschen gesammelt. Diese wurden dann nach Erntedank zusammen mit den \u00fcbrigen Lebensmitteln des Altars der Tafel \u00fcbergeben. Kastanien, Tannenzapfen und Dekorierung wurden dem Kindergarten zum Basteln \u00fcbergeben. So wurden all diese guten Gaben tats\u00e4chlich einem guten Zweck zugef\u00fchrt.<\/p>\n\n\n\n<p>Matthias Balk&nbsp;<\/p>\n\n\n\n<figure class=\"wp-block-image size-large\"><img loading=\"lazy\" decoding=\"async\" width=\"1024\" height=\"1024\" src=\"https:\/\/ebersgoens.info\/wp-content\/uploads\/2024\/10\/Altar-Deko-1024x1024.jpg\" alt=\"\" class=\"wp-image-991\" srcset=\"https:\/\/ebersgoens.info\/wp-content\/uploads\/2024\/10\/Altar-Deko-1024x1024.jpg 1024w, https:\/\/ebersgoens.info\/wp-content\/uploads\/2024\/10\/Altar-Deko-300x300.jpg 300w, https:\/\/ebersgoens.info\/wp-content\/uploads\/2024\/10\/Altar-Deko-150x150.jpg 150w, https:\/\/ebersgoens.info\/wp-content\/uploads\/2024\/10\/Altar-Deko-768x768.jpg 768w, https:\/\/ebersgoens.info\/wp-content\/uploads\/2024\/10\/Altar-Deko-1536x1536.jpg 1536w, https:\/\/ebersgoens.info\/wp-content\/uploads\/2024\/10\/Altar-Deko-2048x2048.jpg 2048w\" sizes=\"auto, (max-width: 1024px) 100vw, 1024px\" \/><\/figure>\n\n\n\n<figure class=\"wp-block-image size-large\"><img loading=\"lazy\" decoding=\"async\" width=\"576\" height=\"1024\" src=\"https:\/\/ebersgoens.info\/wp-content\/uploads\/2024\/10\/Tafel-Sammlung-576x1024.jpg\" alt=\"\" class=\"wp-image-992\" srcset=\"https:\/\/ebersgoens.info\/wp-content\/uploads\/2024\/10\/Tafel-Sammlung-576x1024.jpg 576w, https:\/\/ebersgoens.info\/wp-content\/uploads\/2024\/10\/Tafel-Sammlung-169x300.jpg 169w, https:\/\/ebersgoens.info\/wp-content\/uploads\/2024\/10\/Tafel-Sammlung-768x1365.jpg 768w, https:\/\/ebersgoens.info\/wp-content\/uploads\/2024\/10\/Tafel-Sammlung-864x1536.jpg 864w, https:\/\/ebersgoens.info\/wp-content\/uploads\/2024\/10\/Tafel-Sammlung-1152x2048.jpg 1152w, https:\/\/ebersgoens.info\/wp-content\/uploads\/2024\/10\/Tafel-Sammlung-scaled.jpg 1440w\" sizes=\"auto, (max-width: 576px) 100vw, 576px\" \/><\/figure>\n","protected":false},"excerpt":{"rendered":"<p>Am 06.10.2024 wurde in der Ebersg\u00f6nser Kirche ein gutbesuchter Erntedank Gottesdienst mit Pfarrer Benjamin Sch\u00fctz gefeiert. Der Fokus der Predigt<\/p>\n","protected":false},"author":287,"featured_media":0,"comment_status":"open","ping_status":"open","sticky":false,"template":"","format":"standard","meta":{"colormag_page_container_layout":"default_layout","colormag_page_sidebar_layout":"default_layout","footnotes":""},"categories":[102],"tags":[],"class_list":["post-989","post","type-post","status-publish","format-standard","hentry","category-kirchengemeinde"],"_links":{"self":[{"href":"https:\/\/ebersgoens.info\/index.php?rest_route=\/wp\/v2\/posts\/989","targetHints":{"allow":["GET"]}}],"collection":[{"href":"https:\/\/ebersgoens.info\/index.php?rest_route=\/wp\/v2\/posts"}],"about":[{"href":"https:\/\/ebersgoens.info\/index.php?rest_route=\/wp\/v2\/types\/post"}],"author":[{"embeddable":true,"href":"https:\/\/ebersgoens.info\/index.php?rest_route=\/wp\/v2\/users\/287"}],"replies":[{"embeddable":true,"href":"https:\/\/ebersgoens.info\/index.php?rest_route=%2Fwp%2Fv2%2Fcomments&post=989"}],"version-history":[{"count":1,"href":"https:\/\/ebersgoens.info\/index.php?rest_route=\/wp\/v2\/posts\/989\/revisions"}],"predecessor-version":[{"id":993,"href":"https:\/\/ebersgoens.info\/index.php?rest_route=\/wp\/v2\/posts\/989\/revisions\/993"}],"wp:attachment":[{"href":"https:\/\/ebersgoens.info\/index.php?rest_route=%2Fwp%2Fv2%2Fmedia&parent=989"}],"wp:term":[{"taxonomy":"category","embeddable":true,"href":"https:\/\/ebersgoens.info\/index.php?rest_route=%2Fwp%2Fv2%2Fcategories&post=989"},{"taxonomy":"post_tag","embeddable":true,"href":"https:\/\/ebersgoens.info\/index.php?rest_route=%2Fwp%2Fv2%2Ftags&post=989"}],"curies":[{"name":"wp","href":"https:\/\/api.w.org\/{rel}","templated":true}]}}